{"id":251,"date":"2023-04-10T20:20:44","date_gmt":"2023-04-10T15:20:44","guid":{"rendered":"https:\/\/kargoru.com\/blog\/?p=251"},"modified":"2023-04-10T20:23:27","modified_gmt":"2023-04-10T15:23:27","slug":"el-reto-de-las-cadenas-globales-de-valor-comercio-mundial-cgv","status":"publish","type":"post","link":"https:\/\/kargoru.com\/blog\/el-reto-de-las-cadenas-globales-de-valor-comercio-mundial-cgv\/","title":{"rendered":"El reto de las Cadenas Globales de Valor"},"content":{"rendered":"\n<p>Un gran n\u00famero de los productos y servicios que consumimos hoy en d\u00eda son manufacturados (78% seg\u00fan datos de la Organizaci\u00f3n de las Naciones Unidas para el Desarrollo Industrial, ONUDI). Si descomponemos un producto en muchas partes podr\u00edamos descubrir que cada una de ellas ha sido fabricada en diferentes pa\u00edses por diversas empresas. A este modo de operar, en el que participan varias organizaciones para lograr un producto o servicio final, se le denomina Cadenas Globales de Valor (CGV).<\/p>\n\n\n\n<p>La Conferencia de las Naciones Unidas sobre Comercio y Desarrollo (UNCTAD, por sus siglas en ingl\u00e9s) calcula que el 80% del comercio mundial se realiza dentro de las CGV. De ah\u00ed que <a href=\"https:\/\/www.cepal.org\/sites\/default\/files\/events\/files\/3_johannes_dobinger_cadenas_globales_de_valor_apoyo_a_empresas.pdf\">Johannes Dobinger, Representante ONUDI para la Regi\u00f3n Andina,<\/a> concluya que \u201c<em>las CGV son una caracter\u00edstica determinante del comercio global\u201d. <\/em>Dobinger explica que dos de sus principios rectores son que <em>\u201cla participaci\u00f3n debe generar valor y tener efectos positivos para muchos y de manera equilibrada (inclusividad) y que la participaci\u00f3n debe ser compatible con un medioambiente sano y sostenible\u201d<\/em><\/p>\n\n\n\n<p>La historia cuenta que las CGV surgieron en empresas multinacionales a finales de los a\u00f1os 80 cuando estas empezaron a desagregar los procesos productivos en otras empresas ubicadas en otros pa\u00edses, para reducir sus costos. Los eslabones de la cadena van desde la obtenci\u00f3n de materias primas, dise\u00f1o de bienes o servicios, fabricaci\u00f3n, distribuci\u00f3n, hasta la comercializaci\u00f3n. Las principales CGV son llamadas \u2018f\u00e1bricas mundiales\u2019: la europea es liderada por Alemania; la asi\u00e1tica por China; y la f\u00e1brica Norteam\u00e9rica, la encabeza Estados Unidos.<br>Un ejemplo muy actual ser\u00eda la vacuna de Oxford contra el COVID_19 que producir\u00e1 M\u00e9xico y Argentina de manera conjunta de acuerdo con el anuncio del <a href=\"https:\/\/www.infobae.com\/politica\/2020\/08\/12\/alberto-fernandez-anuncio-que-la-vacuna-contra-el-coronavirus-producida-por-la-argentina-estara-lista-el-primer-semestre-del-2021\/\">presidente argentino, Alberto Fern\u00e1ndez<\/a>.<\/p>\n\n\n\n<h4><strong>\u00bfC\u00f3mo est\u00e1 Colombia?<\/strong><\/h4>\n\n\n\n<p>Seg\u00fan un informe del Banco de la Rep\u00fablica, titulado <a href=\"https:\/\/www.banrep.gov.co\/sites\/default\/files\/publicaciones\/archivos\/be_966.pdf\">\u201cColombia, por fuera las cadenas globales de valor: \u00bfcausa o s\u00edntoma del bajo desempe\u00f1o exportador?<\/a>\u201d, el pa\u00eds no ha aprovechado suficientemente las CGV que hoy predominan en el comercio mundial: <em>\u201cLa oferta exportadora colombiana, excesivamente concentrada en productos primarios y en ventas de productos terminados a pa\u00edses vecinos, no favorece una mejor inserci\u00f3n del pa\u00eds en el contexto global a trav\u00e9s de este tipo de cadenas\u201d.&nbsp;<\/em><\/p>\n\n\n\n<p>En efecto, en Colombia los bienes y servicios intermedios importados representan tan solo el 7,7% de las exportaciones colombianas, de acuerdo con la OCDE, mientras que pa\u00edses como China, Taiw\u00e1n e Irlanda el porcentaje es de 45,1 de las ventas externas. Por lo anterior, la inserci\u00f3n en las CGV es uno de los principales retos que tiene el sector industrial colombiano.<\/p>\n\n\n\n<h4><strong>Ventajas de los encadenamientos productivos*<\/strong><\/h4>\n\n\n\n<ul>\n<li>Facilita la integraci\u00f3n y colaboraci\u00f3n en cadenas de valor.<\/li>\n\n\n\n<li>Soluciona de brechas de informaci\u00f3n entre los eslabones.<\/li>\n\n\n\n<li>Mantiene el flujo de Informaci\u00f3n y tendencias del mercado nacional y global.<\/li>\n\n\n\n<li>Aporta sofisticaci\u00f3n y productividad en todos los eslabones.<\/li>\n<\/ul>\n\n\n\n<h4><strong>\u00bfQu\u00e9 necesita una empresa para insertarse en las CGV?<\/strong><\/h4>\n\n\n\n<ul>\n<li><strong>Calidad<\/strong>. Las compa\u00f1\u00edas deben cumplir con los m\u00e1s altos est\u00e1ndares internacionales en relaci\u00f3n a sus procesos productivos y los bienes o servicios finales.<\/li>\n\n\n\n<li><strong>Infraestructura. <\/strong>Es una herramienta fundamental para facilitar la inserci\u00f3n.<\/li>\n\n\n\n<li><strong>Conocimiento. <\/strong>Tanto de las materias primas como de los procesos industriales.<\/li>\n\n\n\n<li><strong>Tecnolog\u00eda. <\/strong>Es uno de los principales motores del crecimiento en las manufacturas. Adem\u00e1s, esto mejora los sistemas de innovaci\u00f3n.<\/li>\n\n\n\n<li><strong>Sostenibilidad. <\/strong>Las operaciones industriales deben estar alineadas con los Objetivos de Desarrollo Sostenible de las Naciones Unidas.<\/li>\n<\/ul>\n\n\n\n<figure class=\"wp-block-image aligncenter size-large\"><img decoding=\"async\" loading=\"lazy\" width=\"533\" height=\"1024\" src=\"https:\/\/kargoru.com\/blog\/wp-content\/uploads\/2023\/04\/Valor-agregado-externo-533x1024.png\" alt=\"valor agregado externocomercio mundial CGV\" class=\"wp-image-252\" srcset=\"https:\/\/kargoru.com\/blog\/wp-content\/uploads\/2023\/04\/Valor-agregado-externo-533x1024.png 533w, https:\/\/kargoru.com\/blog\/wp-content\/uploads\/2023\/04\/Valor-agregado-externo-156x300.png 156w, https:\/\/kargoru.com\/blog\/wp-content\/uploads\/2023\/04\/Valor-agregado-externo-768x1477.png 768w, https:\/\/kargoru.com\/blog\/wp-content\/uploads\/2023\/04\/Valor-agregado-externo-799x1536.png 799w, https:\/\/kargoru.com\/blog\/wp-content\/uploads\/2023\/04\/Valor-agregado-externo-1065x2048.png 1065w, https:\/\/kargoru.com\/blog\/wp-content\/uploads\/2023\/04\/Valor-agregado-externo.png 1334w\" sizes=\"(max-width: 533px) 100vw, 533px\" \/><\/figure>\n","protected":false},"excerpt":{"rendered":"<p>Un gran n\u00famero de los productos y servicios que consumimos hoy en d\u00eda son manufacturados (78% seg\u00fan datos de la Organizaci\u00f3n de las Naciones Unidas para el Desarrollo Industrial, ONUDI). Si descomponemos un producto en muchas partes podr\u00edamos descubrir que cada una de ellas ha sido fabricada en diferentes pa\u00edses por diversas empresas. A este &hellip;<\/p>\n<p class=\"read-more\"> <a class=\"\" href=\"https:\/\/kargoru.com\/blog\/el-reto-de-las-cadenas-globales-de-valor-comercio-mundial-cgv\/\"> <span class=\"screen-reader-text\">El reto de las Cadenas Globales de Valor<\/span> Leer m\u00e1s &raquo;<\/a><\/p>\n","protected":false},"author":1,"featured_media":0,"comment_status":"open","ping_status":"open","sticky":false,"template":"","format":"standard","meta":{"_monsterinsights_skip_tracking":false,"_monsterinsights_sitenote_active":false,"_monsterinsights_sitenote_note":"","_monsterinsights_sitenote_category":0,"site-sidebar-layout":"default","site-content-layout":"default","ast-global-header-display":"","ast-main-header-display":"","ast-hfb-above-header-display":"","ast-hfb-below-header-display":"","ast-hfb-mobile-header-display":"","site-post-title":"","ast-breadcrumbs-content":"","ast-featured-img":"","footer-sml-layout":"","theme-transparent-header-meta":"","adv-header-id-meta":"","stick-header-meta":"","header-above-stick-meta":"","header-main-stick-meta":"","header-below-stick-meta":""},"categories":[9],"tags":[],"yoast_head":"<!-- This site is optimized with the Yoast SEO plugin v20.3 - https:\/\/yoast.com\/wordpress\/plugins\/seo\/ -->\n<title>El reto de las Cadenas Globales de Valor - Blog | Kargoru<\/title>\n<meta name=\"description\" content=\"Las Cadenas Globales de Valor (CGV) son esenciales en el comercio mundial, fomentando la cooperaci\u00f3n y colaboraci\u00f3n entre empresas y pa\u00edses.\" \/>\n<meta name=\"robots\" content=\"index, follow, max-snippet:-1, max-image-preview:large, max-video-preview:-1\" \/>\n<link rel=\"canonical\" href=\"https:\/\/kargoru.com\/blog\/el-reto-de-las-cadenas-globales-de-valor-comercio-mundial-cgv\/\" \/>\n<meta property=\"og:locale\" content=\"es_ES\" \/>\n<meta property=\"og:type\" content=\"article\" \/>\n<meta property=\"og:title\" content=\"El reto de las Cadenas Globales de Valor - Blog | Kargoru\" \/>\n<meta property=\"og:description\" content=\"Las Cadenas Globales de Valor (CGV) son esenciales en el comercio mundial, fomentando la cooperaci\u00f3n y colaboraci\u00f3n entre empresas y pa\u00edses.\" \/>\n<meta property=\"og:url\" content=\"https:\/\/kargoru.com\/blog\/el-reto-de-las-cadenas-globales-de-valor-comercio-mundial-cgv\/\" \/>\n<meta property=\"og:site_name\" content=\"Blog | Kargoru\" \/>\n<meta property=\"article:publisher\" content=\"https:\/\/www.facebook.com\/kargoru\" \/>\n<meta property=\"article:published_time\" content=\"2023-04-10T15:20:44+00:00\" \/>\n<meta property=\"article:modified_time\" content=\"2023-04-10T15:23:27+00:00\" \/>\n<meta property=\"og:image\" content=\"https:\/\/kargoru.com\/blog\/wp-content\/uploads\/2023\/04\/Valor-agregado-externo-533x1024.png\" \/>\n<meta name=\"author\" content=\"kargoru\" \/>\n<meta name=\"twitter:card\" content=\"summary_large_image\" \/>\n<meta name=\"twitter:creator\" content=\"@kargoru\" \/>\n<meta name=\"twitter:site\" content=\"@kargoru\" \/>\n<meta name=\"twitter:label1\" content=\"Escrito por\" \/>\n\t<meta name=\"twitter:data1\" content=\"kargoru\" \/>\n\t<meta name=\"twitter:label2\" content=\"Tiempo estimado de lectura\" \/>\n\t<meta name=\"twitter:data2\" content=\"3 minutos\" \/>\n<script type=\"application\/ld+json\" class=\"yoast-schema-graph\">{\"@context\":\"https:\/\/schema.org\",\"@graph\":[{\"@type\":\"Article\",\"@id\":\"https:\/\/kargoru.com\/blog\/el-reto-de-las-cadenas-globales-de-valor-comercio-mundial-cgv\/#article\",\"isPartOf\":{\"@id\":\"https:\/\/kargoru.com\/blog\/el-reto-de-las-cadenas-globales-de-valor-comercio-mundial-cgv\/\"},\"author\":{\"name\":\"kargoru\",\"@id\":\"https:\/\/kargoru.com\/blog\/#\/schema\/person\/1e0d9680953a414d83916adc5b4a7709\"},\"headline\":\"El reto de las Cadenas Globales de Valor\",\"datePublished\":\"2023-04-10T15:20:44+00:00\",\"dateModified\":\"2023-04-10T15:23:27+00:00\",\"mainEntityOfPage\":{\"@id\":\"https:\/\/kargoru.com\/blog\/el-reto-de-las-cadenas-globales-de-valor-comercio-mundial-cgv\/\"},\"wordCount\":605,\"commentCount\":0,\"publisher\":{\"@id\":\"https:\/\/kargoru.com\/blog\/#organization\"},\"articleSection\":[\"Articulo\"],\"inLanguage\":\"es-CO\",\"potentialAction\":[{\"@type\":\"CommentAction\",\"name\":\"Comment\",\"target\":[\"https:\/\/kargoru.com\/blog\/el-reto-de-las-cadenas-globales-de-valor-comercio-mundial-cgv\/#respond\"]}]},{\"@type\":\"WebPage\",\"@id\":\"https:\/\/kargoru.com\/blog\/el-reto-de-las-cadenas-globales-de-valor-comercio-mundial-cgv\/\",\"url\":\"https:\/\/kargoru.com\/blog\/el-reto-de-las-cadenas-globales-de-valor-comercio-mundial-cgv\/\",\"name\":\"El reto de las Cadenas Globales de Valor - Blog | Kargoru\",\"isPartOf\":{\"@id\":\"https:\/\/kargoru.com\/blog\/#website\"},\"datePublished\":\"2023-04-10T15:20:44+00:00\",\"dateModified\":\"2023-04-10T15:23:27+00:00\",\"description\":\"Las Cadenas Globales de Valor (CGV) son esenciales en el comercio mundial, fomentando la cooperaci\u00f3n y colaboraci\u00f3n entre empresas y pa\u00edses.\",\"breadcrumb\":{\"@id\":\"https:\/\/kargoru.com\/blog\/el-reto-de-las-cadenas-globales-de-valor-comercio-mundial-cgv\/#breadcrumb\"},\"inLanguage\":\"es-CO\",\"potentialAction\":[{\"@type\":\"ReadAction\",\"target\":[\"https:\/\/kargoru.com\/blog\/el-reto-de-las-cadenas-globales-de-valor-comercio-mundial-cgv\/\"]}]},{\"@type\":\"BreadcrumbList\",\"@id\":\"https:\/\/kargoru.com\/blog\/el-reto-de-las-cadenas-globales-de-valor-comercio-mundial-cgv\/#breadcrumb\",\"itemListElement\":[{\"@type\":\"ListItem\",\"position\":1,\"name\":\"Inicio\",\"item\":\"https:\/\/kargoru.com\/blog\/\"},{\"@type\":\"ListItem\",\"position\":2,\"name\":\"El reto de las Cadenas Globales de Valor\"}]},{\"@type\":\"WebSite\",\"@id\":\"https:\/\/kargoru.com\/blog\/#website\",\"url\":\"https:\/\/kargoru.com\/blog\/\",\"name\":\"Blog | Kargoru\",\"description\":\"\",\"publisher\":{\"@id\":\"https:\/\/kargoru.com\/blog\/#organization\"},\"potentialAction\":[{\"@type\":\"SearchAction\",\"target\":{\"@type\":\"EntryPoint\",\"urlTemplate\":\"https:\/\/kargoru.com\/blog\/?s={search_term_string}\"},\"query-input\":\"required name=search_term_string\"}],\"inLanguage\":\"es-CO\"},{\"@type\":\"Organization\",\"@id\":\"https:\/\/kargoru.com\/blog\/#organization\",\"name\":\"Kargoru\",\"url\":\"https:\/\/kargoru.com\/blog\/\",\"logo\":{\"@type\":\"ImageObject\",\"inLanguage\":\"es-CO\",\"@id\":\"https:\/\/kargoru.com\/blog\/#\/schema\/logo\/image\/\",\"url\":\"https:\/\/kargoru.com\/blog\/wp-content\/uploads\/2023\/02\/cropped-A.png\",\"contentUrl\":\"https:\/\/kargoru.com\/blog\/wp-content\/uploads\/2023\/02\/cropped-A.png\",\"width\":1188,\"height\":396,\"caption\":\"Kargoru\"},\"image\":{\"@id\":\"https:\/\/kargoru.com\/blog\/#\/schema\/logo\/image\/\"},\"sameAs\":[\"https:\/\/www.facebook.com\/kargoru\",\"https:\/\/twitter.com\/kargoru\",\"https:\/\/www.linkedin.com\/company\/kargoru2020\/\"]},{\"@type\":\"Person\",\"@id\":\"https:\/\/kargoru.com\/blog\/#\/schema\/person\/1e0d9680953a414d83916adc5b4a7709\",\"name\":\"kargoru\",\"image\":{\"@type\":\"ImageObject\",\"inLanguage\":\"es-CO\",\"@id\":\"https:\/\/kargoru.com\/blog\/#\/schema\/person\/image\/\",\"url\":\"https:\/\/secure.gravatar.com\/avatar\/6ae6e95d452e7d43a1b3a04df02eead6?s=96&d=mm&r=g\",\"contentUrl\":\"https:\/\/secure.gravatar.com\/avatar\/6ae6e95d452e7d43a1b3a04df02eead6?s=96&d=mm&r=g\",\"caption\":\"kargoru\"},\"sameAs\":[\"https:\/\/kargoru.com\/blog\"],\"url\":\"https:\/\/kargoru.com\/blog\/author\/kargoru\/\"}]}<\/script>\n<!-- \/ Yoast SEO plugin. -->","yoast_head_json":{"title":"El reto de las Cadenas Globales de Valor - Blog | Kargoru","description":"Las Cadenas Globales de Valor (CGV) son esenciales en el comercio mundial, fomentando la cooperaci\u00f3n y colaboraci\u00f3n entre empresas y pa\u00edses.","robots":{"index":"index","follow":"follow","max-snippet":"max-snippet:-1","max-image-preview":"max-image-preview:large","max-video-preview":"max-video-preview:-1"},"canonical":"https:\/\/kargoru.com\/blog\/el-reto-de-las-cadenas-globales-de-valor-comercio-mundial-cgv\/","og_locale":"es_ES","og_type":"article","og_title":"El reto de las Cadenas Globales de Valor - Blog | Kargoru","og_description":"Las Cadenas Globales de Valor (CGV) son esenciales en el comercio mundial, fomentando la cooperaci\u00f3n y colaboraci\u00f3n entre empresas y pa\u00edses.","og_url":"https:\/\/kargoru.com\/blog\/el-reto-de-las-cadenas-globales-de-valor-comercio-mundial-cgv\/","og_site_name":"Blog | Kargoru","article_publisher":"https:\/\/www.facebook.com\/kargoru","article_published_time":"2023-04-10T15:20:44+00:00","article_modified_time":"2023-04-10T15:23:27+00:00","og_image":[{"url":"https:\/\/kargoru.com\/blog\/wp-content\/uploads\/2023\/04\/Valor-agregado-externo-533x1024.png"}],"author":"kargoru","twitter_card":"summary_large_image","twitter_creator":"@kargoru","twitter_site":"@kargoru","twitter_misc":{"Escrito por":"kargoru","Tiempo estimado de lectura":"3 minutos"},"schema":{"@context":"https:\/\/schema.org","@graph":[{"@type":"Article","@id":"https:\/\/kargoru.com\/blog\/el-reto-de-las-cadenas-globales-de-valor-comercio-mundial-cgv\/#article","isPartOf":{"@id":"https:\/\/kargoru.com\/blog\/el-reto-de-las-cadenas-globales-de-valor-comercio-mundial-cgv\/"},"author":{"name":"kargoru","@id":"https:\/\/kargoru.com\/blog\/#\/schema\/person\/1e0d9680953a414d83916adc5b4a7709"},"headline":"El reto de las Cadenas Globales de Valor","datePublished":"2023-04-10T15:20:44+00:00","dateModified":"2023-04-10T15:23:27+00:00","mainEntityOfPage":{"@id":"https:\/\/kargoru.com\/blog\/el-reto-de-las-cadenas-globales-de-valor-comercio-mundial-cgv\/"},"wordCount":605,"commentCount":0,"publisher":{"@id":"https:\/\/kargoru.com\/blog\/#organization"},"articleSection":["Articulo"],"inLanguage":"es-CO","potentialAction":[{"@type":"CommentAction","name":"Comment","target":["https:\/\/kargoru.com\/blog\/el-reto-de-las-cadenas-globales-de-valor-comercio-mundial-cgv\/#respond"]}]},{"@type":"WebPage","@id":"https:\/\/kargoru.com\/blog\/el-reto-de-las-cadenas-globales-de-valor-comercio-mundial-cgv\/","url":"https:\/\/kargoru.com\/blog\/el-reto-de-las-cadenas-globales-de-valor-comercio-mundial-cgv\/","name":"El reto de las Cadenas Globales de Valor - Blog | Kargoru","isPartOf":{"@id":"https:\/\/kargoru.com\/blog\/#website"},"datePublished":"2023-04-10T15:20:44+00:00","dateModified":"2023-04-10T15:23:27+00:00","description":"Las Cadenas Globales de Valor (CGV) son esenciales en el comercio mundial, fomentando la cooperaci\u00f3n y colaboraci\u00f3n entre empresas y pa\u00edses.","breadcrumb":{"@id":"https:\/\/kargoru.com\/blog\/el-reto-de-las-cadenas-globales-de-valor-comercio-mundial-cgv\/#breadcrumb"},"inLanguage":"es-CO","potentialAction":[{"@type":"ReadAction","target":["https:\/\/kargoru.com\/blog\/el-reto-de-las-cadenas-globales-de-valor-comercio-mundial-cgv\/"]}]},{"@type":"BreadcrumbList","@id":"https:\/\/kargoru.com\/blog\/el-reto-de-las-cadenas-globales-de-valor-comercio-mundial-cgv\/#breadcrumb","itemListElement":[{"@type":"ListItem","position":1,"name":"Inicio","item":"https:\/\/kargoru.com\/blog\/"},{"@type":"ListItem","position":2,"name":"El reto de las Cadenas Globales de Valor"}]},{"@type":"WebSite","@id":"https:\/\/kargoru.com\/blog\/#website","url":"https:\/\/kargoru.com\/blog\/","name":"Blog | Kargoru","description":"","publisher":{"@id":"https:\/\/kargoru.com\/blog\/#organization"},"potentialAction":[{"@type":"SearchAction","target":{"@type":"EntryPoint","urlTemplate":"https:\/\/kargoru.com\/blog\/?s={search_term_string}"},"query-input":"required name=search_term_string"}],"inLanguage":"es-CO"},{"@type":"Organization","@id":"https:\/\/kargoru.com\/blog\/#organization","name":"Kargoru","url":"https:\/\/kargoru.com\/blog\/","logo":{"@type":"ImageObject","inLanguage":"es-CO","@id":"https:\/\/kargoru.com\/blog\/#\/schema\/logo\/image\/","url":"https:\/\/kargoru.com\/blog\/wp-content\/uploads\/2023\/02\/cropped-A.png","contentUrl":"https:\/\/kargoru.com\/blog\/wp-content\/uploads\/2023\/02\/cropped-A.png","width":1188,"height":396,"caption":"Kargoru"},"image":{"@id":"https:\/\/kargoru.com\/blog\/#\/schema\/logo\/image\/"},"sameAs":["https:\/\/www.facebook.com\/kargoru","https:\/\/twitter.com\/kargoru","https:\/\/www.linkedin.com\/company\/kargoru2020\/"]},{"@type":"Person","@id":"https:\/\/kargoru.com\/blog\/#\/schema\/person\/1e0d9680953a414d83916adc5b4a7709","name":"kargoru","image":{"@type":"ImageObject","inLanguage":"es-CO","@id":"https:\/\/kargoru.com\/blog\/#\/schema\/person\/image\/","url":"https:\/\/secure.gravatar.com\/avatar\/6ae6e95d452e7d43a1b3a04df02eead6?s=96&d=mm&r=g","contentUrl":"https:\/\/secure.gravatar.com\/avatar\/6ae6e95d452e7d43a1b3a04df02eead6?s=96&d=mm&r=g","caption":"kargoru"},"sameAs":["https:\/\/kargoru.com\/blog"],"url":"https:\/\/kargoru.com\/blog\/author\/kargoru\/"}]}},"_links":{"self":[{"href":"https:\/\/kargoru.com\/blog\/wp-json\/wp\/v2\/posts\/251"}],"collection":[{"href":"https:\/\/kargoru.com\/blog\/wp-json\/wp\/v2\/posts"}],"about":[{"href":"https:\/\/kargoru.com\/blog\/wp-json\/wp\/v2\/types\/post"}],"author":[{"embeddable":true,"href":"https:\/\/kargoru.com\/blog\/wp-json\/wp\/v2\/users\/1"}],"replies":[{"embeddable":true,"href":"https:\/\/kargoru.com\/blog\/wp-json\/wp\/v2\/comments?post=251"}],"version-history":[{"count":2,"href":"https:\/\/kargoru.com\/blog\/wp-json\/wp\/v2\/posts\/251\/revisions"}],"predecessor-version":[{"id":254,"href":"https:\/\/kargoru.com\/blog\/wp-json\/wp\/v2\/posts\/251\/revisions\/254"}],"wp:attachment":[{"href":"https:\/\/kargoru.com\/blog\/wp-json\/wp\/v2\/media?parent=251"}],"wp:term":[{"taxonomy":"category","embeddable":true,"href":"https:\/\/kargoru.com\/blog\/wp-json\/wp\/v2\/categories?post=251"},{"taxonomy":"post_tag","embeddable":true,"href":"https:\/\/kargoru.com\/blog\/wp-json\/wp\/v2\/tags?post=251"}],"curies":[{"name":"wp","href":"https:\/\/api.w.org\/{rel}","templated":true}]}}